{"id":10694,"date":"2026-02-03T18:49:30","date_gmt":"2026-02-03T18:49:30","guid":{"rendered":"https:\/\/wlportugal.com\/las-inclemencias-meteorologicas-provocan-retrasos-en-los-puertos-portugueses\/"},"modified":"2026-02-27T15:30:23","modified_gmt":"2026-02-27T15:30:23","slug":"las-inclemencias-meteorologicas-provocan-retrasos-en-los-puertos-portugueses","status":"publish","type":"post","link":"https:\/\/wlportugal.com\/es\/las-inclemencias-meteorologicas-provocan-retrasos-en-los-puertos-portugueses\/","title":{"rendered":"Las inclemencias meteorol\u00f3gicas provocan retrasos en los puertos portugueses"},"content":{"rendered":"\t\t<div data-elementor-type=\"wp-post\" data-elementor-id=\"10694\" class=\"elementor elementor-10694 elementor-10687\">\n\t\t\t\t\t\t<section class=\"elementor-section elementor-top-section elementor-element elementor-element-29cdf6c1 elementor-section-boxed elementor-section-height-default elementor-section-height-default\" data-id=\"29cdf6c1\" data-element_type=\"section\" data-e-type=\"section\">\n\t\t\t\t\t\t<div class=\"elementor-container elementor-column-gap-default\">\n\t\t\t\t\t<div class=\"elementor-column elementor-col-100 elementor-top-column elementor-element elementor-element-35ebcbf\" data-id=\"35ebcbf\" data-element_type=\"column\" data-e-type=\"column\">\n\t\t\t<div class=\"elementor-widget-wrap elementor-element-populated\">\n\t\t\t\t\t\t<div class=\"elementor-element elementor-element-4d717d9b elementor-widget elementor-widget-text-editor\" data-id=\"4d717d9b\" data-element_type=\"widget\" data-e-type=\"widget\" data-widget_type=\"text-editor.default\">\n\t\t\t\t<div class=\"elementor-widget-container\">\n\t\t\t\t\t\t\t\t\t<h3><b>Severe weather causes delays at Portuguese ports<\/b><\/h3>\n<p>\u00a0<span style=\"letter-spacing: 0px;\">Due to the adverse weather conditions recorded in recent days, namely <\/span><span class=\"s2\" style=\"letter-spacing: 0px;\"><b>rough sea conditions and strong winds<\/b><\/span><span style=\"letter-spacing: 0px;\">, operational constraints have been affecting the main Portuguese ports.<\/span><\/p>\n<p class=\"p3\">These conditions directly impact the <span class=\"s2\"><b>safety of berthing operations<\/b><\/span>, leading port authorities to <span class=\"s2\"><b>delay or restrict the entry of cargo vessels<\/b><\/span>. As a result, <span class=\"s2\"><b>delays in the loading and unloading of cargo<\/b><\/span> may occur, as well as impacts on initially scheduled timelines for certain logistics processes.<\/p>\n<p class=\"p3\">It is important to note that these delays are <span class=\"s2\"><b>entirely beyond the control of logistics operators<\/b><\/span>, resulting from operational and safety decisions taken by port authorities in order to <span class=\"s2\"><b>ensure the safety of people, vessels and cargo<\/b><\/span>.<\/p>\n<p>\u00a0<\/p>\n<p class=\"p3\">Our team is currently:<\/p>\n<ul>\n<li>\n<p class=\"p1\">Closely monitoring the situation at Portuguese ports;<\/p>\n<\/li>\n<li>\n<p class=\"p1\">Following each affected process on a case-by-case basis;<\/p>\n<\/li>\n<li>\n<p class=\"p1\">Coordinating with partners and relevant entities to minimise impacts;<\/p>\n<\/li>\n<li>\n<p class=\"p1\">Maintaining transparent communication whenever relevant updates arise.<\/p>\n<\/li>\n<\/ul>\n<p>\u00a0<\/p>\n<p class=\"p3\">We reaffirm our commitment to <span class=\"s2\"><b>clear information, close monitoring and continuous support<\/b><\/span> for our clients throughout this period.<\/p>\n\t\t\t\t\t\t\t\t<\/div>\n\t\t\t\t<\/div>\n\t\t\t\t\t<\/div>\n\t\t<\/div>\n\t\t\t\t\t<\/div>\n\t\t<\/section>\n\t\t\t\t<\/div>\n\t\t","protected":false},"excerpt":{"rendered":"<p>Condiciones meteorol\u00f3gicas adversas provocan retrasos en los puertos portugueses &nbsp; Debido a las condiciones meteorol\u00f3gicas adversas registradas en los \u00faltimos d\u00edas, concretamente fuerte oleaje y vientos intensos, se han producido restricciones operativas en los principales puertos portugueses. Estas condiciones afectan directamente a la seguridad de las operaciones de atraque, lo que ha llevado a las [&hellip;]<\/p>\n","protected":false},"author":1,"featured_media":10698,"comment_status":"open","ping_status":"closed","sticky":false,"template":"","format":"standard","meta":{"om_disable_all_campaigns":false,"_monsterinsights_skip_tracking":false,"_monsterinsights_sitenote_active":false,"_monsterinsights_sitenote_note":"","_monsterinsights_sitenote_category":0,"_uf_show_specific_survey":0,"_uf_disable_surveys":false,"footnotes":""},"categories":[174,116],"tags":[],"class_list":["post-10694","post","type-post","status-publish","format-standard","has-post-thumbnail","hentry","category-avisos-operativos","category-noticias-es"],"_links":{"self":[{"href":"https:\/\/wlportugal.com\/es\/wp-json\/wp\/v2\/posts\/10694","targetHints":{"allow":["GET"]}}],"collection":[{"href":"https:\/\/wlportugal.com\/es\/wp-json\/wp\/v2\/posts"}],"about":[{"href":"https:\/\/wlportugal.com\/es\/wp-json\/wp\/v2\/types\/post"}],"author":[{"embeddable":true,"href":"https:\/\/wlportugal.com\/es\/wp-json\/wp\/v2\/users\/1"}],"replies":[{"embeddable":true,"href":"https:\/\/wlportugal.com\/es\/wp-json\/wp\/v2\/comments?post=10694"}],"version-history":[{"count":6,"href":"https:\/\/wlportugal.com\/es\/wp-json\/wp\/v2\/posts\/10694\/revisions"}],"predecessor-version":[{"id":10720,"href":"https:\/\/wlportugal.com\/es\/wp-json\/wp\/v2\/posts\/10694\/revisions\/10720"}],"wp:featuredmedia":[{"embeddable":true,"href":"https:\/\/wlportugal.com\/es\/wp-json\/wp\/v2\/media\/10698"}],"wp:attachment":[{"href":"https:\/\/wlportugal.com\/es\/wp-json\/wp\/v2\/media?parent=10694"}],"wp:term":[{"taxonomy":"category","embeddable":true,"href":"https:\/\/wlportugal.com\/es\/wp-json\/wp\/v2\/categories?post=10694"},{"taxonomy":"post_tag","embeddable":true,"href":"https:\/\/wlportugal.com\/es\/wp-json\/wp\/v2\/tags?post=10694"}],"curies":[{"name":"wp","href":"https:\/\/api.w.org\/{rel}","templated":true}]}}