{"id":8307,"date":"2020-04-16T16:32:53","date_gmt":"2020-04-16T15:32:53","guid":{"rendered":"http:\/\/wlportugal.com\/23\/webinar-exports-to-mexico-22-04-2020\/"},"modified":"2020-04-16T16:32:53","modified_gmt":"2020-04-16T15:32:53","slug":"webinar-exports-to-mexico-22-04-2020","status":"publish","type":"post","link":"https:\/\/wlportugal.com\/es\/webinar-exports-to-mexico-22-04-2020\/","title":{"rendered":"Webinar &#8211; Exports to Mexico &#8211; 22.04.2020"},"content":{"rendered":"<p class=\"x_MsoNormal\"><strong>Webinar &#8211; Exports to Mexico &#8211; 22.04.2020<\/strong><\/p>\n<p class=\"x_MsoNormal\">WLP Transit\u00e1rios tiene el honor de invitarlo para participar en la primera edici\u00f3n del seminario web \u00abExportaciones a M\u00e9xico &#8211; Oportunidades de negocios multisectoriales, transporte y log\u00edstica\u00bb que tendr\u00e1 lugar a trav\u00e9s de la plataforma zoom, el 22 de abril, a las 10 a.m.<\/p>\n<p class=\"x_MsoNormal\">Este evento est\u00e1 dirigido a empresas de diferentes sectores e industrias que est\u00e9n interesadas en desarrollar oportunidades de negocios con M\u00e9xico y en conocer las soluciones de transporte y log\u00edstica para este mercado.<\/p>\n<p class=\"x_MsoNormal\">Nos honrar\u00eda tener su presencia.<\/p>\n<p>&nbsp;<\/p>\n<p class=\"x_MsoNormal\"><strong>Registro:<\/strong> <a href=\"https:\/\/bit.ly\/3elICBo\" target=\"_blank\" rel=\"noopener\"><span lang=\"ES-MX\"><span lang=\"PT\">https:\/\/bit.ly\/3elICBo<\/span><\/span><\/a><\/p>\n<p class=\"x_MsoNormal\"><strong>Para m\u00e1s informaci\u00f3n:<\/strong> <a href=\"mailto:fcarrillo@wlportugal.com\"><span lang=\"ES-MX\"><span lang=\"PT\">fcarrillo@wlportugal.com<\/span><\/span><\/a><\/p>\n","protected":false},"excerpt":{"rendered":"<p>WLP Transit\u00e1rios is honored to invite you para participar en la primera edici\u00f3n del seminario web \u00abExportaciones a M\u00e9xico &#8211; Oportunidades de negocios multisectoriales, transporte y log\u00edstica\u00bb que tendr\u00e1 lugar a trav\u00e9s de la plataforma zoom, el 22 de abril, a las 10 a.m.<\/p>\n","protected":false},"author":1,"featured_media":6326,"comment_status":"open","ping_status":"open","sticky":false,"template":"","format":"standard","meta":{"om_disable_all_campaigns":false,"_monsterinsights_skip_tracking":false,"_monsterinsights_sitenote_active":false,"_monsterinsights_sitenote_note":"","_monsterinsights_sitenote_category":0,"_uf_show_specific_survey":0,"_uf_disable_surveys":false,"footnotes":""},"categories":[116],"tags":[],"class_list":["post-8307","post","type-post","status-publish","format-standard","has-post-thumbnail","hentry","category-noticias-es"],"_links":{"self":[{"href":"https:\/\/wlportugal.com\/es\/wp-json\/wp\/v2\/posts\/8307","targetHints":{"allow":["GET"]}}],"collection":[{"href":"https:\/\/wlportugal.com\/es\/wp-json\/wp\/v2\/posts"}],"about":[{"href":"https:\/\/wlportugal.com\/es\/wp-json\/wp\/v2\/types\/post"}],"author":[{"embeddable":true,"href":"https:\/\/wlportugal.com\/es\/wp-json\/wp\/v2\/users\/1"}],"replies":[{"embeddable":true,"href":"https:\/\/wlportugal.com\/es\/wp-json\/wp\/v2\/comments?post=8307"}],"version-history":[{"count":0,"href":"https:\/\/wlportugal.com\/es\/wp-json\/wp\/v2\/posts\/8307\/revisions"}],"wp:featuredmedia":[{"embeddable":true,"href":"https:\/\/wlportugal.com\/es\/wp-json\/wp\/v2\/media\/6326"}],"wp:attachment":[{"href":"https:\/\/wlportugal.com\/es\/wp-json\/wp\/v2\/media?parent=8307"}],"wp:term":[{"taxonomy":"category","embeddable":true,"href":"https:\/\/wlportugal.com\/es\/wp-json\/wp\/v2\/categories?post=8307"},{"taxonomy":"post_tag","embeddable":true,"href":"https:\/\/wlportugal.com\/es\/wp-json\/wp\/v2\/tags?post=8307"}],"curies":[{"name":"wp","href":"https:\/\/api.w.org\/{rel}","templated":true}]}}